{"id":918,"date":"2019-04-14T10:20:02","date_gmt":"2019-04-14T10:20:02","guid":{"rendered":"http:\/\/arc-bonn.de\/?p=918"},"modified":"2021-02-28T20:26:41","modified_gmt":"2021-02-28T20:26:41","slug":"einladung-zur-mitgliederversammlung-am-06-mai-2019-1930-uhr","status":"publish","type":"post","link":"https:\/\/arc-bonn.de\/?p=918","title":{"rendered":"Einladung zur Mitgliederversammlung am 06. Mai 2019, 19:30&nbsp;Uhr"},"content":{"rendered":"<p>Liebe ARC Bonn \u2014 Mitglieder,<br>\nhier\u00admit laden wir zur ordent\u00adli\u00adchen <strong>Mitgliederversammlung 2019 <\/strong><\/p>\n<p style=\"text-align: center\"><strong>am Montag, 06. Mai 2019 um 19:30&nbsp;Uhr<br>\n<\/strong>auf <strong>Gut Gro\u00dfenbusch<br>\n<\/strong>Hotel\/Restaurant<strong><br>\n<\/strong>Konrad-Adenauer-Stra\u00dfe 100<br>\n53757 Sankt Augustin<\/p>\n<p style=\"text-align: left\">des Akademischen Reitclub Bonn e.V.&nbsp;ein.<\/p>\n<p><u>Tagesordnung:<br>\n<\/u><\/p>\n<ol>\n<li>Begr\u00fc\u00dfung und Feststellung der sat\u00adzungs\u00adge\u00adm\u00e4\u00ad\u00dfen Einladung und Tagesordnung<\/li>\n<li><strong>Vortrag&nbsp;<\/strong>Tier\u00e4rztin Flavia Gehlen <strong>\u201eStress und sei\u00adne Auswirkungen \u2013 Magengeschw\u00fcr: Ursache und Anzeichen\u201c<\/strong><\/li>\n<li>Ehrungen lang\u00adj\u00e4h\u00adri\u00adger Mitglieder<\/li>\n<li>Genehmigung des Protokolls der MV 2018 (Protokoll 2018:&nbsp;<a href=\"http:\/\/arc-bonn.de\/?attachment_id=920\" rel=\"attachment wp-att-920\">ARC MV Protokoll 2018<\/a>)<\/li>\n<li>Bericht der Studentenreiter<\/li>\n<li>Entgegennahme des Jahresberichtes durch die Vorsitzende<\/li>\n<li>Genehmigung des Jahresberichtes<\/li>\n<li>Bericht des Schatzmeisters (Jahresabschluss 2018)<\/li>\n<li>Bericht der Kassenpr\u00fcfer<\/li>\n<li>Entlastung des Vorstandes<\/li>\n<li>Wahl der Kassenpr\u00fcfer, Wahl eines Ersatzkassenpr\u00fcfers<\/li>\n<li>Wahl des Vorstands<\/li>\n<li>Terminplan\/-ausschau f\u00fcr 2019\/2020<\/li>\n<li>Antr\u00e4ge (Antr\u00e4ge sind bit\u00adte bis zum 01.Mai 2019 schrift\u00adlich in der Gesch\u00e4ftsstelle ein\u00adzu\u00adrei\u00adchen \u2013 ger\u00adne per&nbsp;Email)<\/li>\n<li>Verschiedenes<\/li>\n<\/ol>\n<p>In die\u00adsem Jahr haben wir eine jun\u00adge, dyna\u00admi\u00adsche Tier\u00e4rztin aus der Pferdeklinik \u201eAm Kottenforst\u201c als&nbsp;Referentin gewin\u00adnen k\u00f6n\u00adnen. Flavia Gehlen erl\u00e4u\u00adtert <strong>Stresssymptomatik beim Pferd und Auswirkungen auf den Magen des Pferdes<\/strong>. Vorbeugende Ma\u00dfnahmen, Stressreduzierung beim Reitpferd sowie Futtermanagement run\u00adden ihre Ausf\u00fchrungen ab.<br>\nDie Mitgliederversammlung beschlie\u00dft mit ein\u00adfa\u00adcher Mehrheit der anwe\u00adsen\u00adden Mitglieder.<\/p>\n<p>\u00dcber eine zahl\u00adrei\u00adche Teilnahme freu\u00aden wir&nbsp;uns.<\/p>\n<p>Mit freund\u00adli\u00adchen, rei\u00adter\u00adli\u00adchen Gr\u00fc\u00dfen<\/p>\n<p>Angela Turck<br>\nVorsitzende<br>\n12. April&nbsp;2019<\/p>\n","protected":false},"excerpt":{"rendered":"<p>Liebe ARC Bonn \u2014 Mitglieder, hier\u00admit laden wir zur ordent\u00adli\u00adchen Mitgliederversammlung 2019 am Montag, 06. Mai 2019 um 19:30&nbsp;Uhr auf Gut Gro\u00dfenbusch Hotel\/Restaurant Konrad-Adenauer-Stra\u00dfe 100 53757 Sankt Augustin des Akademischen Reitclub Bonn e.V.&nbsp;ein. Tagesordnung: Begr\u00fc\u00dfung und Feststellung der sat\u00adzungs\u00adge\u00adm\u00e4\u00ad\u00dfen Einladung und Tagesordnung Vortrag&nbsp;Tier\u00e4rztin Flavia Gehlen \u201eStress und sei\u00adne Auswirkungen \u2013 Magengeschw\u00fcr: Ursache und Anzeichen\u201c Ehrungen&nbsp;[\u2026]<\/p>\n","protected":false},"author":2,"featured_media":0,"comment_status":"closed","ping_status":"closed","sticky":false,"template":"","format":"standard","meta":{"wp_typography_post_enhancements_disabled":false},"categories":[31,1],"tags":[35,36,34,39,42,43],"_links":{"self":[{"href":"https:\/\/arc-bonn.de\/index.php?rest_route=\/wp\/v2\/posts\/918"}],"collection":[{"href":"https:\/\/arc-bonn.de\/index.php?rest_route=\/wp\/v2\/posts"}],"about":[{"href":"https:\/\/arc-bonn.de\/index.php?rest_route=\/wp\/v2\/types\/post"}],"author":[{"embeddable":true,"href":"https:\/\/arc-bonn.de\/index.php?rest_route=\/wp\/v2\/users\/2"}],"replies":[{"embeddable":true,"href":"https:\/\/arc-bonn.de\/index.php?rest_route=%2Fwp%2Fv2%2Fcomments&post=918"}],"version-history":[{"count":2,"href":"https:\/\/arc-bonn.de\/index.php?rest_route=\/wp\/v2\/posts\/918\/revisions"}],"predecessor-version":[{"id":1774,"href":"https:\/\/arc-bonn.de\/index.php?rest_route=\/wp\/v2\/posts\/918\/revisions\/1774"}],"wp:attachment":[{"href":"https:\/\/arc-bonn.de\/index.php?rest_route=%2Fwp%2Fv2%2Fmedia&parent=918"}],"wp:term":[{"taxonomy":"category","embeddable":true,"href":"https:\/\/arc-bonn.de\/index.php?rest_route=%2Fwp%2Fv2%2Fcategories&post=918"},{"taxonomy":"post_tag","embeddable":true,"href":"https:\/\/arc-bonn.de\/index.php?rest_route=%2Fwp%2Fv2%2Ftags&post=918"}],"curies":[{"name":"wp","href":"https:\/\/api.w.org\/{rel}","templated":true}]}}