{"id":669,"date":"2017-11-29T20:01:18","date_gmt":"2017-11-29T20:01:18","guid":{"rendered":"http:\/\/arc-bonn.de\/?p=669"},"modified":"2021-02-28T20:20:44","modified_gmt":"2021-02-28T20:20:44","slug":"neuigkeiten-aus-dem-vorstand","status":"publish","type":"post","link":"https:\/\/arc-bonn.de\/?p=669","title":{"rendered":"Neuigkeiten aus dem Vorstand"},"content":{"rendered":"<p>Unsere Schatzmeisterin, Friederike Kapitza, hat den Vorstand gebe\u00adten von ihren Aufgaben ent\u00adbun\u00adden zu werden.<br>\nFriederike ist einer unse\u00adrer Aktivposten im Verein, hat als Jugendwartin im Vorstand begon\u00adnen, Lehrg\u00e4nge orga\u00adni\u00adsiert und durch\u00adge\u00adf\u00fchrt. Dar\u00fcber hin\u00adaus hat sie sich um den \u201efri\u00adschen Wind\u201c auf unse\u00adrer Facebook-Seite gek\u00fcm\u00admert, was uns viel posi\u00adti\u00adve Resonanz gebracht hat. Im ver\u00adgan\u00adge\u00adnen Jahr war sie sofort bereit, den Posten als Schatzmeisterin zu \u00fcbernehmen.<\/p>\n<p>Sie m\u00f6ch\u00adte sich in n\u00e4chs\u00adter Zeit auf ihr Jura-Studium konzentrieren.<\/p>\n<div class>\n<\/div>\n<p>Der Vorstand und ich als Vorsitzende des Akademischen Reitclubs Bonn e.V. dan\u00adken Friederike herz\u00adlich f\u00fcr ihren Einsatz und ihre Kreativit\u00e4t f\u00fcr unse\u00adren Verein und dr\u00fc\u00adcken f\u00fcr das Studium die Daumen!<\/p>\n<div class><\/div>\n<div class>\n<\/div>\n<div class>Angela Turck<br>\nVorsitzende<\/div>\n","protected":false},"excerpt":{"rendered":"<p>Unsere Schatzmeisterin, Friederike Kapitza, hat den Vorstand gebe\u00adten von ihren Aufgaben ent\u00adbun\u00adden zu wer\u00adden. Friederike ist einer unse\u00adrer Aktivposten im Verein, hat als Jugendwartin im Vorstand begon\u00adnen, Lehrg\u00e4nge orga\u00adni\u00adsiert und durch\u00adge\u00adf\u00fchrt. Dar\u00fcber hin\u00adaus hat sie sich um den \u201efri\u00adschen Wind\u201c auf unse\u00adrer Facebook-Seite gek\u00fcm\u00admert, was uns viel posi\u00adti\u00adve Resonanz gebracht hat. Im ver\u00adgan\u00adge\u00adnen Jahr&nbsp;war&nbsp;[\u2026]<\/p>\n","protected":false},"author":2,"featured_media":0,"comment_status":"closed","ping_status":"open","sticky":false,"template":"","format":"standard","meta":{"wp_typography_post_enhancements_disabled":false},"categories":[31,1],"tags":[],"_links":{"self":[{"href":"https:\/\/arc-bonn.de\/index.php?rest_route=\/wp\/v2\/posts\/669"}],"collection":[{"href":"https:\/\/arc-bonn.de\/index.php?rest_route=\/wp\/v2\/posts"}],"about":[{"href":"https:\/\/arc-bonn.de\/index.php?rest_route=\/wp\/v2\/types\/post"}],"author":[{"embeddable":true,"href":"https:\/\/arc-bonn.de\/index.php?rest_route=\/wp\/v2\/users\/2"}],"replies":[{"embeddable":true,"href":"https:\/\/arc-bonn.de\/index.php?rest_route=%2Fwp%2Fv2%2Fcomments&post=669"}],"version-history":[{"count":1,"href":"https:\/\/arc-bonn.de\/index.php?rest_route=\/wp\/v2\/posts\/669\/revisions"}],"predecessor-version":[{"id":1332,"href":"https:\/\/arc-bonn.de\/index.php?rest_route=\/wp\/v2\/posts\/669\/revisions\/1332"}],"wp:attachment":[{"href":"https:\/\/arc-bonn.de\/index.php?rest_route=%2Fwp%2Fv2%2Fmedia&parent=669"}],"wp:term":[{"taxonomy":"category","embeddable":true,"href":"https:\/\/arc-bonn.de\/index.php?rest_route=%2Fwp%2Fv2%2Fcategories&post=669"},{"taxonomy":"post_tag","embeddable":true,"href":"https:\/\/arc-bonn.de\/index.php?rest_route=%2Fwp%2Fv2%2Ftags&post=669"}],"curies":[{"name":"wp","href":"https:\/\/api.w.org\/{rel}","templated":true}]}}