{"id":624,"date":"2017-09-10T18:29:13","date_gmt":"2017-09-10T18:29:13","guid":{"rendered":"http:\/\/arc-bonn.de\/?p=624"},"modified":"2021-02-28T20:20:44","modified_gmt":"2021-02-28T20:20:44","slug":"akademischer-reitclub-bonn-feiert-40-jaehriges-bestehen","status":"publish","type":"post","link":"https:\/\/arc-bonn.de\/?p=624","title":{"rendered":"Akademischer Reitclub Bonn feiert 40 j\u00e4hriges Bestehen"},"content":{"rendered":"<p><strong>\u201cDas h\u00f6chs\u00adte Gl\u00fcck der Erde liegt auf dem R\u00fccken der Pferde\u201d<\/strong><\/p>\n<figure id=\"attachment_625\" aria-describedby=\"caption-attachment-625\" style=\"width: 239px\" class=\"wp-caption alignright\"><a href=\"http:\/\/arc-bonn.de\/?attachment_id=625#main\" rel=\"attachment wp-att-625\"><img loading=\"lazy\" class=\" wp-image-625\" src=\"https:\/\/arc-bonn.de\/wp-content\/uploads\/2017\/09\/ARC-Vorstand-Pressefoto-248x300.jpg\" alt width=\"239\" height=\"289\"><\/a><figcaption id=\"caption-attachment-625\" class=\"wp-caption-text\">Vorsitzende Angela Turck &nbsp; &nbsp; &nbsp; &nbsp; &nbsp; &nbsp; &nbsp; &nbsp; &nbsp; &nbsp; &nbsp; und<br>Gesch\u00e4ftsf\u00fchrender Vorsitzender &nbsp; &nbsp; &nbsp; &nbsp; &nbsp;Piet Meyer<br>Foto: Achim Bernl\u00f6hr<\/figcaption><\/figure>\n<p style=\"text-align: left;\">Mit die\u00adser Volksweisheit begr\u00fc\u00df\u00adte die Vorsitzende des ARC Angela Turck die Ehreng\u00e4ste und Mitglieder auf der Insel Grafenwerth in Bad Honnef. Auch ihre bei\u00adden lang\u00adj\u00e4h\u00adri\u00adgen Vorg\u00e4nger im Amt, Martin Richenhagen und Uwe Spenlen, sand\u00adten Gru\u00dfbotschaften.<\/p>\n<p><strong>Jubil\u00e4um an tra\u00addi\u00adtio\u00adnel\u00adlem&nbsp;Ort<\/strong><\/p>\n<p>Der Veranstaltungsort war nicht zuf\u00e4l\u00adlig gew\u00e4hlt, denn neben den gro\u00df\u00adar\u00adti\u00adgen Dressurfestivals, sp\u00e4\u00adter den Parkfestivals auf der Insel, fand die Jubil\u00e4umsfeier zum 10 j\u00e4h\u00adri\u00adgen Bestehen bereits in Bad Honnef statt. Auch das 25 j\u00e4h\u00adri\u00adge Jubil\u00e4um wur\u00adde im Rahmen des Parkfestivals auf der Insel Grafenwerth gefeiert.<\/p>\n<p><strong>Der ARC \u2014 ein Verein mit star\u00adken Highlights und Tradition<\/strong><\/p>\n<p>In ihrer Jubil\u00e4umsrede lie\u00df die Vorsitzende die H\u00f6hepunkte des Vereins Revue pas\u00adsie\u00adren: Die Dressur zu den Zuschauern zu brin\u00adgen \u2014 eine Innovation im Reitsport! Dies gelang in den 80iger Jahren auf der Bonner Hofgartenwiese, vor dem Kurf\u00fcrstlichen Schlo\u00df der Universit\u00e4t Bonn im Herzen von Bonn. Auch die vie\u00adlen Parkfestivals auf der Insel und sp\u00e4\u00adter auch die European Youngster Classic auf dem Bonner Hardtberg \u2014 alle inter\u00adna\u00adtio\u00adnal stark besetzt \u2014 fas\u00adzi\u00adnier\u00adten die Zuschauer. Mit einem Ausblick auf die kom\u00admen\u00adden Jahre schlo\u00df Angela Turck ihre Rede. Die G\u00e4ste ver\u00adbrach\u00adten einen aus\u00adge\u00adspro\u00adchen gesel\u00adli\u00adgen und har\u00admo\u00adni\u00adschen Abend und freu\u00aden sich auf wei\u00adte\u00adre Aktivit\u00e4ten des ARC&nbsp;Bonn.<\/p>\n<figure id=\"attachment_626\" aria-describedby=\"caption-attachment-626\" style=\"width: 259px\" class=\"wp-caption alignnone\"><a href=\"http:\/\/arc-bonn.de\/?attachment_id=626#main\" rel=\"attachment wp-att-626\"><img loading=\"lazy\" class=\" wp-image-626\" src=\"https:\/\/arc-bonn.de\/wp-content\/uploads\/2017\/09\/Insel-Grafenwerth-1-Pressefoto-300x237.jpg\" alt width=\"259\" height=\"205\"><\/a><figcaption id=\"caption-attachment-626\" class=\"wp-caption-text\">Veranstaltungsort Restaurant Insel Grafenwerth<br>Foto: Achim Bernl\u00f6hr<\/figcaption><\/figure>\n","protected":false},"excerpt":{"rendered":"<p>\u201cDas h\u00f6chs\u00adte Gl\u00fcck der Erde liegt auf dem R\u00fccken der Pferde\u201d Mit die\u00adser Volksweisheit begr\u00fc\u00df\u00adte die Vorsitzende des ARC Angela Turck die Ehreng\u00e4ste und Mitglieder auf der Insel Grafenwerth in Bad Honnef. Auch ihre bei\u00adden lang\u00adj\u00e4h\u00adri\u00adgen Vorg\u00e4nger im Amt, Martin Richenhagen und Uwe Spenlen, sand\u00adten Gru\u00dfbotschaften. Jubil\u00e4um an tra\u00addi\u00adtio\u00adnel\u00adlem&nbsp;Ort Der Veranstaltungsort war nicht zuf\u00e4l\u00adlig gew\u00e4hlt,&nbsp;[\u2026]<\/p>\n","protected":false},"author":2,"featured_media":0,"comment_status":"closed","ping_status":"open","sticky":false,"template":"","format":"standard","meta":{"wp_typography_post_enhancements_disabled":false},"categories":[31,1],"tags":[],"_links":{"self":[{"href":"https:\/\/arc-bonn.de\/index.php?rest_route=\/wp\/v2\/posts\/624"}],"collection":[{"href":"https:\/\/arc-bonn.de\/index.php?rest_route=\/wp\/v2\/posts"}],"about":[{"href":"https:\/\/arc-bonn.de\/index.php?rest_route=\/wp\/v2\/types\/post"}],"author":[{"embeddable":true,"href":"https:\/\/arc-bonn.de\/index.php?rest_route=\/wp\/v2\/users\/2"}],"replies":[{"embeddable":true,"href":"https:\/\/arc-bonn.de\/index.php?rest_route=%2Fwp%2Fv2%2Fcomments&post=624"}],"version-history":[{"count":1,"href":"https:\/\/arc-bonn.de\/index.php?rest_route=\/wp\/v2\/posts\/624\/revisions"}],"predecessor-version":[{"id":1333,"href":"https:\/\/arc-bonn.de\/index.php?rest_route=\/wp\/v2\/posts\/624\/revisions\/1333"}],"wp:attachment":[{"href":"https:\/\/arc-bonn.de\/index.php?rest_route=%2Fwp%2Fv2%2Fmedia&parent=624"}],"wp:term":[{"taxonomy":"category","embeddable":true,"href":"https:\/\/arc-bonn.de\/index.php?rest_route=%2Fwp%2Fv2%2Fcategories&post=624"},{"taxonomy":"post_tag","embeddable":true,"href":"https:\/\/arc-bonn.de\/index.php?rest_route=%2Fwp%2Fv2%2Ftags&post=624"}],"curies":[{"name":"wp","href":"https:\/\/api.w.org\/{rel}","templated":true}]}}