{"id":606,"date":"2017-08-30T10:49:35","date_gmt":"2017-08-30T10:49:35","guid":{"rendered":"http:\/\/arc-bonn.de\/?p=606"},"modified":"2021-02-28T20:20:44","modified_gmt":"2021-02-28T20:20:44","slug":"kreismeisterschaft-2017-in-bornheim-widdig","status":"publish","type":"post","link":"https:\/\/arc-bonn.de\/?p=606","title":{"rendered":"Kreismeisterschaft 2017 in Bornheim-Widdig \u2014 ARC \u2014 Erfolge"},"content":{"rendered":"<p>Vom 18. bis zum 20.08. 2017 wur\u00adden die Kreismeister des Kreispferdesportverbandes Bonn-Rhein-Sieg in der Dressur sowie im Springen ermittelt.<\/p>\n<p>Unsere ARC-Starter waren wie\u00adder erfolgreich:<\/p>\n<p><strong>Christine Julie Bossant<\/strong> und Arts Habil konn\u00adten sich in den Wertungspr\u00fcfungen f\u00fcr die Ponydressur die Bronzemedaille sichern.<\/p>\n<p><strong>Pia Wischerath<\/strong>&nbsp;konn\u00adte auf Don Augustinus den Titel der Kreismeisterin in der Dressur der Leistungsklassen 1 bis 3 verteidigen.<br>\nDar\u00fcber hin\u00adaus gelang es<strong> Sophie K\u00f6nig<\/strong> auf Remember S. in der sel\u00adben Wertung die Bronzemedaille zu erreiten.<\/p>\n<figure id=\"attachment_632\" aria-describedby=\"caption-attachment-632\" style=\"width: 300px\" class=\"wp-caption alignnone\"><a href=\"http:\/\/arc-bonn.de\/?attachment_id=632#main\" rel=\"attachment wp-att-632\"><img loading=\"lazy\" class=\"size-medium wp-image-632\" src=\"https:\/\/arc-bonn.de\/wp-content\/uploads\/2017\/08\/IMG_9355-300x225.jpg\" alt width=\"300\" height=\"225\"><\/a><figcaption id=\"caption-attachment-632\" class=\"wp-caption-text\">Kreismeisterschaft-Ehrung<br>Pia Wischerath und Sophie K\u00f6nig<br>Foto: Achim Bernl\u00f6hr<\/figcaption><\/figure>\n<p style=\"text-align: left;\">Traditionell \u00fcber\u00adnahm der ARC Bonn die Dressurpr\u00fcfung der Klasse S* (2. Wertungspr\u00fcfung f\u00fcr eben jene Leistungsklassen).<br>\n<a href=\"http:\/\/arc-bonn.de\/?attachment_id=633#main\" rel=\"attachment wp-att-633\"><img loading=\"lazy\" class=\"alignnone wp-image-633 alignleft\" src=\"https:\/\/arc-bonn.de\/wp-content\/uploads\/2017\/08\/IMG_9328-300x225.jpg\" alt width=\"105\" height=\"79\"><\/a><br>\nNeben den Ehrenpreisen&nbsp;stell\u00adte der Verein auch die Helfer f\u00fcr die\u00adse Pr\u00fcfung. An die\u00adser Stelle einen herz\u00adli\u00adchen Dank f\u00fcr an die flei\u00ad\u00dfi\u00adgen Helfer und das Engagement!<\/p>\n<figure id=\"attachment_634\" aria-describedby=\"caption-attachment-634\" style=\"width: 163px\" class=\"wp-caption alignright\"><a href=\"http:\/\/arc-bonn.de\/?attachment_id=634#main\" rel=\"attachment wp-att-634\"><img loading=\"lazy\" class=\"wp-image-634\" src=\"https:\/\/arc-bonn.de\/wp-content\/uploads\/2017\/08\/IMG_9344-300x225.jpg\" alt width=\"163\" height=\"122\"><\/a><figcaption id=\"caption-attachment-634\" class=\"wp-caption-text\">ARC-Team<\/figcaption><\/figure>\n<p>Besonders erfreu\u00adlich: Siegerin und Platzierte die\u00adser Pr\u00fcfung waren drei Reiter unse\u00adres Vereins (<strong>Pia Wischerath<\/strong> auf Platz 1, <strong>Sophie K\u00f6nig<\/strong> auf dem drit\u00adten Platz und <strong>Almuth Floto<\/strong> mit Wardanda auf Platz&nbsp;4).<\/p>\n<figure id=\"attachment_629\" aria-describedby=\"caption-attachment-629\" style=\"width: 166px\" class=\"wp-caption alignnone\"><a href=\"http:\/\/arc-bonn.de\/?attachment_id=629#main\" rel=\"attachment wp-att-629\"><img loading=\"lazy\" class=\" wp-image-629\" src=\"https:\/\/arc-bonn.de\/wp-content\/uploads\/2017\/08\/IMG_9333-e1505068826797-225x300.jpg\" alt width=\"166\" height=\"221\"><\/a><figcaption id=\"caption-attachment-629\" class=\"wp-caption-text\">Siegerin der S*-Dressur &nbsp; Pia Wischerath<br>Foto: Achim Bernl\u00f6hr<\/figcaption><\/figure>\n<p>&nbsp;<\/p>\n<figure id=\"attachment_630\" aria-describedby=\"caption-attachment-630\" style=\"width: 174px\" class=\"wp-caption alignright\"><a href=\"http:\/\/arc-bonn.de\/?attachment_id=630#main\" rel=\"attachment wp-att-630\"><img loading=\"lazy\" class=\"wp-image-630\" src=\"https:\/\/arc-bonn.de\/wp-content\/uploads\/2017\/08\/IMG_9338-e1505074006858-225x300.jpg\" alt width=\"174\" height=\"232\"><\/a><figcaption id=\"caption-attachment-630\" class=\"wp-caption-text\">3.Platzierte der S*-Dressur &nbsp; &nbsp; &nbsp; &nbsp; Sophie K\u00f6nig<br> Foto: Achim Bernl\u00f6hr<\/figcaption><\/figure>\n<figure id=\"attachment_631\" aria-describedby=\"caption-attachment-631\" style=\"width: 189px\" class=\"wp-caption alignnone\"><a href=\"http:\/\/arc-bonn.de\/?attachment_id=631#main\" rel=\"attachment wp-att-631\"><img loading=\"lazy\" class=\" wp-image-631\" src=\"https:\/\/arc-bonn.de\/wp-content\/uploads\/2017\/08\/IMG_9339-e1505074151735-225x300.jpg\" alt width=\"189\" height=\"252\"><\/a><figcaption id=\"caption-attachment-631\" class=\"wp-caption-text\">4. Platzierte S*-Dressur &nbsp; &nbsp; &nbsp; &nbsp; &nbsp; &nbsp; Almuth Floto<br>Foto: Achim Bernl\u00f6hr<\/figcaption><\/figure>\n<p style=\"text-align: left;\">Da der ARC Bonn in die\u00adsem Jahr sein 40-j\u00e4hriges Bestehen fei\u00adert, stell\u00adte er w\u00e4h\u00adrend der Pr\u00fcfung <strong>\u201cSekt oder Selters\u201d<\/strong> f\u00fcr Reiter (nach dem Ritt) und Zuschauer (w\u00e4h\u00adrend der Ritte) zur Verf\u00fcgung. Diese Idee kam sowohl bei Reitern als auch bei den Zuschauern sehr gut&nbsp;an.<\/p>\n<p>Im Rahmen der Kreismeisterschaft pr\u00e4\u00adsen\u00adtier\u00adte sich zum ers\u00adten Mal eine Dressur-Mannschaft unse\u00adres Vereins.<br>\nWir bedan\u00adken uns herz\u00adlichst bei unsern Mitgliedern<br>\n<strong>Rica Malisch<\/strong>, <strong>Sarah<\/strong> <strong>Gabriel<\/strong>, <strong>Sandra Merten<\/strong> und <strong>Michael Stassen<\/strong>, <img loading=\"lazy\" class=\"wp-image-609 alignright\" src=\"https:\/\/arc-bonn.de\/wp-content\/uploads\/2017\/08\/Mannschaft-KM-2017-300x225.jpg\" alt width=\"255\" height=\"191\"><br>\ndass sie den Verein mit gro\u00ad\u00dfen Engagement pr\u00e4\u00adsen\u00adtiert&nbsp;haben.<\/p>\n<p>Wir hof\u00adfen, dass die Idee einer Mannschaft in Zukunft fort\u00adge\u00adsetzt und durch wei\u00adte\u00adre Vereinsmitglieder (ger\u00adne auch eine Springmannschaft) erg\u00e4nzt wird!<\/p>\n<p>&nbsp;<\/p>\n<p>&nbsp;<\/p>\n<p>&nbsp;<\/p>\n","protected":false},"excerpt":{"rendered":"<p>Vom 18. bis zum 20.08. 2017 wur\u00adden die Kreismeister des Kreispferdesportverbandes Bonn-Rhein-Sieg in der Dressur sowie im Springen ermit\u00adtelt. Unsere ARC-Starter waren wie\u00adder erfolg\u00adreich: Christine Julie Bossant und Arts Habil konn\u00adten sich in den Wertungspr\u00fcfungen f\u00fcr die Ponydressur die Bronzemedaille sichern. Pia Wischerath&nbsp;konn\u00adte auf Don Augustinus den Titel der Kreismeisterin in der Dressur der Leistungsklassen&nbsp;[\u2026]<\/p>\n","protected":false},"author":2,"featured_media":0,"comment_status":"closed","ping_status":"open","sticky":false,"template":"","format":"standard","meta":{"wp_typography_post_enhancements_disabled":false},"categories":[31,1],"tags":[],"_links":{"self":[{"href":"https:\/\/arc-bonn.de\/index.php?rest_route=\/wp\/v2\/posts\/606"}],"collection":[{"href":"https:\/\/arc-bonn.de\/index.php?rest_route=\/wp\/v2\/posts"}],"about":[{"href":"https:\/\/arc-bonn.de\/index.php?rest_route=\/wp\/v2\/types\/post"}],"author":[{"embeddable":true,"href":"https:\/\/arc-bonn.de\/index.php?rest_route=\/wp\/v2\/users\/2"}],"replies":[{"embeddable":true,"href":"https:\/\/arc-bonn.de\/index.php?rest_route=%2Fwp%2Fv2%2Fcomments&post=606"}],"version-history":[{"count":1,"href":"https:\/\/arc-bonn.de\/index.php?rest_route=\/wp\/v2\/posts\/606\/revisions"}],"predecessor-version":[{"id":1334,"href":"https:\/\/arc-bonn.de\/index.php?rest_route=\/wp\/v2\/posts\/606\/revisions\/1334"}],"wp:attachment":[{"href":"https:\/\/arc-bonn.de\/index.php?rest_route=%2Fwp%2Fv2%2Fmedia&parent=606"}],"wp:term":[{"taxonomy":"category","embeddable":true,"href":"https:\/\/arc-bonn.de\/index.php?rest_route=%2Fwp%2Fv2%2Fcategories&post=606"},{"taxonomy":"post_tag","embeddable":true,"href":"https:\/\/arc-bonn.de\/index.php?rest_route=%2Fwp%2Fv2%2Ftags&post=606"}],"curies":[{"name":"wp","href":"https:\/\/api.w.org\/{rel}","templated":true}]}}