{"id":374,"date":"2016-01-10T16:51:02","date_gmt":"2016-01-10T16:51:02","guid":{"rendered":"http:\/\/arc-bonn.de\/?p=374"},"modified":"2021-02-27T20:18:15","modified_gmt":"2021-02-27T20:18:15","slug":"das-jahr-2015-ein-kurzer-jahresrueckblick","status":"publish","type":"post","link":"https:\/\/arc-bonn.de\/?p=374","title":{"rendered":"Das Jahr 2015 \u2013 Ein kurzer Jahresr\u00fcckblick"},"content":{"rendered":"<p>Liebe Vereinsmitgliederinnen und Vereinsmitglieder,<\/p>\n<p>&nbsp;<\/p>\n<p>das Jahr 2015 stand f\u00fcr den Akademischen Reitclub Bonn unter dem Zeichen \u201eQuo vadis \u2013 wohin gehst Du?\u201c. Der Vorstand hat sich ver\u00ad\u00e4n\u00addert und vie\u00adle inhalt\u00adli\u00adche Diskussionen gef\u00fchrt, ob der Weg, den der er ein\u00adge\u00adschla\u00adgen hat, rich\u00adtig ist oder ob es leich\u00adte oder gar gra\u00advie\u00adren\u00adde \u00c4nderungen geben muss. Und soviel sei vor\u00adweg genom\u00admen: Die Mitglieder beschei\u00adni\u00adgen dem Vorstand, dass die Richtung gut ist und geben gleich\u00adzei\u00adtig eini\u00adge Vorschl\u00e4ge zu Feinkorrekturen.<\/p>\n<p>&nbsp;<\/p>\n<p><u>Januar \u2014 Wechsel der Gesch\u00e4ftsstelle des&nbsp;ARC&nbsp;<\/u><\/p>\n<p>Nach jah\u00adre\u00adlan\u00adger F\u00fchrung durch Marion Jennissen, \u00fcber\u00adnahm Petra Fuhry-Dilger die Leitung unse\u00adrer Gesch\u00e4ftsstelle. Vielen Dank an Marion Jennissen f\u00fcr vie\u00adle, vie\u00adle Jahre der treu\u00aden Unterst\u00fctzung!<\/p>\n<p>&nbsp;<\/p>\n<p><u>Februar \u2013 Der Vorstand befragt die Mitglieder<\/u><\/p>\n<p>Ein Fragebogen wur\u00adde an alle ARC-Vereinsmitglieder ver\u00adschickt. Ziel des\u00adsen war her\u00adaus\u00adzu\u00adfin\u00adden, wie &nbsp;die Einstellung der Mitglieder zum Vereinsleben im Allgemeinen und den Angeboten und die Erwartungshaltung an den ARC sind. Abgefragt wur\u00adden W\u00fcnsche, Motivationen zur Mitgliedschaft und poten\u00adzi\u00adel\u00adle Kandidaten f\u00fcr ein akti\u00adves Engagement den Verein betref\u00adfend. Das Ergebnis: Ingesamt sind die Vereinsmitglieder zufrie\u00adden mit der aktu\u00adel\u00adlen Situation und zei\u00adgen beson\u00adders bei Lehrgangsangeboten ihr Interesse! Der ARC ist eben ein Verein, der anders ist als Andere \u2013 eben beson\u00adders! Aber \u2013 und das nimmt der Vorstand sehr ernst: Die Jugend des Vereins soll st\u00e4r\u00adker ein\u00adge\u00adbun\u00adden werden.<\/p>\n<p>&nbsp;<\/p>\n<p><u>Mai \u2014 Mitgliederversammlung&nbsp;<\/u><\/p>\n<p>Diesj\u00e4hriger Referent: Diplomsportwissenschaftler und Sportpsychologe Harald Dobmeier, der u.a. auch die Reiter bei den olym\u00adpi\u00adschen Sommerspielen in Athen betreut hat\u00adte. Er hielt einen span\u00adnen\u00adden Vortrag zu Thema \u201eIndividuelle Bewertung von Stress\u201c.<\/p>\n<p>Dann die Neuwahlen \u2014 Susanne B\u00e4umgen been\u00adde\u00adte nach vie\u00adlen, vie\u00adlen Jahren ihre treue T\u00e4tigkeit als Schatzmeisterin aus unse\u00adrem Vorstand. An die\u00adser Stelle noch\u00admals: Herzlichen Dank f\u00fcr die jah\u00adre\u00adlan\u00adge Unterst\u00fctzung!<\/p>\n<p>Als neu\u00ades Vorstandsmitglied wur\u00adde Friederike Kapitza begr\u00fc\u00dft \u2013 \u00fcbri\u00adgens: Der Vorstand wur\u00adde durch die Mitgliederbefragung auf sie auf\u00admerk\u00adsam \u2013 hat sich also gelohnt! Sie ist nun Jugendwartin des Vereins. Die T\u00e4tigkeit der Schatzmeisterin \u00fcber\u00adnahm bereit\u00adwil\u00adlig kom\u00admis\u00adsa\u00adrisch unse\u00adre Vorsitzende Angela Turck.<\/p>\n<p>&nbsp;<\/p>\n<p><u>August \u2013 Wieder eine Umfrage, dies\u00admal an die Jugend<\/u><\/p>\n<p>Unsere Mitgliederumfrage von Februar zeig\u00adte ja, dass die Jugend des Vereins st\u00e4r\u00adker ein\u00adge\u00adbun\u00adden wer\u00adden muss. Doch wo f\u00e4ngt man da an? Um Interessensfelder her\u00adaus\u00adzu\u00adfil\u00adtern ver\u00adsand\u00adte der ARC eine Jugendumfrage f\u00fcr die Mitglieder bis 21&nbsp;Jahre.<\/p>\n<p>Die R\u00fccklaufquote war erfreu\u00adlich und f\u00fcr 2016 ist in Folge bereits ein Projekt in Planung.<\/p>\n<p>&nbsp;<\/p>\n<p><u>August \u2013 Die Kreismeisterschaft wie\u00adder mit ARC Unterst\u00fctzung<\/u><\/p>\n<p>Traditionell spon\u00adser\u00adte der ARC bei der Kreismeisterschaft auf dem Gest\u00fct Aluta in Bornheim die fina\u00adle Wertungspr\u00fcfung zur Kreismeisterschaft f\u00fcr die Dressur in den Leistungsklassen 1 bis 3. Die Wertungspr\u00fcfung und Titel konn\u00adte sich unser ARC-Mitglied Katharina Winkelhues auf Sunnyman sichern. Herzlichen Gl\u00fcckwunsch!<\/p>\n<p>&nbsp;<\/p>\n<p><u>September \u2013 \u201eARC goes Facebook\u201c<\/u><\/p>\n<p>Da Facebook als sozia\u00adles Netzwerk eine Reichweite mit immer st\u00e4r\u00adke\u00adrer Bedeutung hat, war es unser Anliegen auch die Aktivit\u00e4ten noch trans\u00adpa\u00adren\u00adter zu zei\u00adgen \u2013 \u00fcbri\u00adgens: Je mehr mit\u00adma\u00adchen, umso st\u00e4r\u00adker wird unse\u00adre Seite besucht.<\/p>\n<p>Grundidee: Beliebte Turniere im Kreisverband Bonn-Rhein-Sieg ver\u00adfol\u00adgen und tol\u00adle Platzierungen unse\u00adrer Mitglieder, bes\u00adten\u00adfalls sogar mit Bildern, bei Facebook festhalten.<\/p>\n<p>Dies erfreu\u00adte sich auch gro\u00ad\u00dfer Beliebtheit. Gerne&nbsp;mehr!<\/p>\n<p>Ein tol\u00adles Beispiel, das sicher vie\u00adle ver\u00adfolgt haben: Karolin Kemp erritt in der Turniersaison mit ihrem Haflingerwallach Atlantik her\u00adaus\u00adra\u00adgen\u00adde Ergebnisse und konn\u00adte sich somit f\u00fcr das Europachampionat der Haflinger im ita\u00adlie\u00adni\u00adschen Vermezzo emp\u00adfeh\u00adlen. Karolin ver\u00adsorg\u00adte uns w\u00e4h\u00adrend die\u00adser Zeit t\u00e4g\u00adlich mit tol\u00adlen Fotos und span\u00adnen\u00adden Berichten, sodass wir qua\u00adsi einen \u201eita\u00adlie\u00adni\u00adschen Liveticker\u201c ver\u00adfol\u00adgen konn\u00adten. Das Beste zum Schluss: Dank einer gran\u00addio\u00adsen K\u00fcr gelang es Karolin sich die Bronzemedaille in der Gesamtwertung zu sichern. Respekt und Anerkennung!<\/p>\n<p>&nbsp;<\/p>\n<p>Wir freu\u00aden uns auf ein ereig\u00adnis\u00adrei\u00adches Jahr&nbsp;2016!<\/p>\n<p>&nbsp;<\/p>\n<p>Euer Vorstand<\/p>\n","protected":false},"excerpt":{"rendered":"<p>Liebe Vereinsmitgliederinnen und Vereinsmitglieder, &nbsp; das Jahr 2015 stand f\u00fcr den Akademischen Reitclub Bonn unter dem Zeichen \u201eQuo vadis \u2013 wohin gehst Du?\u201c. Der Vorstand hat sich ver\u00ad\u00e4n\u00addert und vie\u00adle inhalt\u00adli\u00adche Diskussionen gef\u00fchrt, ob der Weg, den der er ein\u00adge\u00adschla\u00adgen hat, rich\u00adtig ist oder ob es leich\u00adte oder gar gra\u00advie\u00adren\u00adde \u00c4nderungen geben muss. Und soviel&nbsp;[\u2026]<\/p>\n","protected":false},"author":2,"featured_media":0,"comment_status":"closed","ping_status":"open","sticky":false,"template":"","format":"standard","meta":{"wp_typography_post_enhancements_disabled":false},"categories":[31,1],"tags":[],"_links":{"self":[{"href":"https:\/\/arc-bonn.de\/index.php?rest_route=\/wp\/v2\/posts\/374"}],"collection":[{"href":"https:\/\/arc-bonn.de\/index.php?rest_route=\/wp\/v2\/posts"}],"about":[{"href":"https:\/\/arc-bonn.de\/index.php?rest_route=\/wp\/v2\/types\/post"}],"author":[{"embeddable":true,"href":"https:\/\/arc-bonn.de\/index.php?rest_route=\/wp\/v2\/users\/2"}],"replies":[{"embeddable":true,"href":"https:\/\/arc-bonn.de\/index.php?rest_route=%2Fwp%2Fv2%2Fcomments&post=374"}],"version-history":[{"count":1,"href":"https:\/\/arc-bonn.de\/index.php?rest_route=\/wp\/v2\/posts\/374\/revisions"}],"predecessor-version":[{"id":1343,"href":"https:\/\/arc-bonn.de\/index.php?rest_route=\/wp\/v2\/posts\/374\/revisions\/1343"}],"wp:attachment":[{"href":"https:\/\/arc-bonn.de\/index.php?rest_route=%2Fwp%2Fv2%2Fmedia&parent=374"}],"wp:term":[{"taxonomy":"category","embeddable":true,"href":"https:\/\/arc-bonn.de\/index.php?rest_route=%2Fwp%2Fv2%2Fcategories&post=374"},{"taxonomy":"post_tag","embeddable":true,"href":"https:\/\/arc-bonn.de\/index.php?rest_route=%2Fwp%2Fv2%2Ftags&post=374"}],"curies":[{"name":"wp","href":"https:\/\/api.w.org\/{rel}","templated":true}]}}