{"id":2371,"date":"2025-01-24T13:48:24","date_gmt":"2025-01-24T13:48:24","guid":{"rendered":"https:\/\/arc-bonn.de\/?p=2371"},"modified":"2025-01-26T17:27:24","modified_gmt":"2025-01-26T17:27:24","slug":"pferdekonferenz-wissen-im-25-minuten-takt-am-29-januar-und-am-26-februar-2025","status":"publish","type":"post","link":"https:\/\/arc-bonn.de\/?p=2371","title":{"rendered":"Pferdekonferenz \u2014 Wissen im 25-Minuten Takt am 29. Januar und am 26. Februar 2025"},"content":{"rendered":"<p style=\"text-align: left\">Liebe Mitglieder,<\/p>\n<p>im Rahmen des Projektes \u201cARC goes Academic\u201d laden wir Interessierte herz\u00adlich zu die\u00adsen bei\u00adden Veranstaltungstagen ein<br>\n<strong><br>\nMittwoch, 29. Januar 2025 von 12:45 h bis ca. 14:15&nbsp;h<br>\n<\/strong>mit Themen zu<\/p>\n<ul style=\"text-align: left\">\n<li>Tierschutz<\/li>\n<li>R\u00fccken<\/li>\n<li>Hufe<\/li>\n<li>Reproduktion<\/li>\n<\/ul>\n<p style=\"text-align: left\"><strong>Mittwoch, 26. Februar 2025 von 09:00 h bis ca. 11:30&nbsp;h<\/strong><br>\nmit Themen zu<\/p>\n<ul>\n<li style=\"text-align: left\">Haltung<\/li>\n<li style=\"text-align: left\">Ern\u00e4hrung<\/li>\n<li style=\"text-align: left\">Krankheiten<\/li>\n<li style=\"text-align: left\">Z\u00e4hne<\/li>\n<li style=\"text-align: left\">Verhalten<\/li>\n<li style=\"text-align: left\">\n<p style=\"text-align: left\">Zucht<\/p>\n<\/li>\n<\/ul>\n<p>Das voll\u00adst\u00e4n\u00addi\u00adge Programm fin\u00adden Sie hier: <a href=\"https:\/\/arc-bonn.de\/wp-content\/uploads\/2025\/01\/Programm-2025-01-und-02.pdf\">Programm 2025-01 und \u201102<\/a><\/p>\n<p>Ort: Rheinische Friedrich-Wilhelms-Universit\u00e4t Bonn, Institut f\u00fcr Tierwissenschaften Nutztierethologie, Endenicher Allee 15, 53115&nbsp;Bonn<\/p>\n<p><strong>Um recht\u00adzei\u00adti\u00adge Anmeldungen wird freund\u00adlich gebe\u00adten, per Email an: <a href=\"angela.turck@t-online.de\">angela.turck@t\u2011online.de<\/a><\/strong><\/p>\n<p>&nbsp;<\/p>\n","protected":false},"excerpt":{"rendered":"<p>Liebe Mitglieder, im Rahmen des Projektes \u201cARC goes Academic\u201d laden wir Interessierte herz\u00adlich zu die\u00adsen bei\u00adden Veranstaltungstagen ein Mittwoch, 29. Januar 2025 von 12:45 h bis ca. 14:15&nbsp;h mit Themen zu Tierschutz R\u00fccken Hufe Reproduktion Mittwoch, 26. Februar 2025 von 09:00 h bis ca. 11:30&nbsp;h mit Themen zu Haltung Ern\u00e4hrung Krankheiten Z\u00e4hne Verhalten Zucht&nbsp;Das&nbsp;[\u2026]<\/p>\n","protected":false},"author":2,"featured_media":2378,"comment_status":"closed","ping_status":"closed","sticky":false,"template":"","format":"standard","meta":{"wp_typography_post_enhancements_disabled":false},"categories":[32,31],"tags":[],"_links":{"self":[{"href":"https:\/\/arc-bonn.de\/index.php?rest_route=\/wp\/v2\/posts\/2371"}],"collection":[{"href":"https:\/\/arc-bonn.de\/index.php?rest_route=\/wp\/v2\/posts"}],"about":[{"href":"https:\/\/arc-bonn.de\/index.php?rest_route=\/wp\/v2\/types\/post"}],"author":[{"embeddable":true,"href":"https:\/\/arc-bonn.de\/index.php?rest_route=\/wp\/v2\/users\/2"}],"replies":[{"embeddable":true,"href":"https:\/\/arc-bonn.de\/index.php?rest_route=%2Fwp%2Fv2%2Fcomments&post=2371"}],"version-history":[{"count":5,"href":"https:\/\/arc-bonn.de\/index.php?rest_route=\/wp\/v2\/posts\/2371\/revisions"}],"predecessor-version":[{"id":2384,"href":"https:\/\/arc-bonn.de\/index.php?rest_route=\/wp\/v2\/posts\/2371\/revisions\/2384"}],"wp:featuredmedia":[{"embeddable":true,"href":"https:\/\/arc-bonn.de\/index.php?rest_route=\/wp\/v2\/media\/2378"}],"wp:attachment":[{"href":"https:\/\/arc-bonn.de\/index.php?rest_route=%2Fwp%2Fv2%2Fmedia&parent=2371"}],"wp:term":[{"taxonomy":"category","embeddable":true,"href":"https:\/\/arc-bonn.de\/index.php?rest_route=%2Fwp%2Fv2%2Fcategories&post=2371"},{"taxonomy":"post_tag","embeddable":true,"href":"https:\/\/arc-bonn.de\/index.php?rest_route=%2Fwp%2Fv2%2Ftags&post=2371"}],"curies":[{"name":"wp","href":"https:\/\/api.w.org\/{rel}","templated":true}]}}