{"id":2246,"date":"2024-02-10T12:37:57","date_gmt":"2024-02-10T12:37:57","guid":{"rendered":"https:\/\/arc-bonn.de\/?p=2246"},"modified":"2024-02-10T12:37:57","modified_gmt":"2024-02-10T12:37:57","slug":"symposium-trilogie-der-reiterlichen-blickschulung-einladung","status":"publish","type":"post","link":"https:\/\/arc-bonn.de\/?p=2246","title":{"rendered":"Symposium \u201eTrilogie der reiterlichen Blickschulung\u201c \u2014 Einladung"},"content":{"rendered":"<p>Liebe ARC-Mitglieder,<\/p>\n<p>auf die\u00adse Veranstaltung m\u00f6ch\u00adte ich ger\u00adne hinweisen:<\/p>\n<h2 style=\"font-weight: 400;text-align: center\"><strong>Symposium \u201eTrilogie der reiterlichen Blickschulung\u201c<\/strong><\/h2>\n<p style=\"font-weight: 400;text-align: center\"><strong>Blick der Wissenschaft \u2014 Blick des Reiters \u2014 Blick des Trainers<\/strong><\/p>\n<p style=\"font-weight: 400;text-align: center\"><strong>Sonntag, 24. M\u00e4rz&nbsp;2024<\/strong><\/p>\n<p style=\"font-weight: 400;text-align: center\">Reitsportanlage Flohr&nbsp;GmbH<br>\nZum Aubachtal 77<br>\n56566 Neuwied<\/p>\n<p style=\"font-weight: 400\">Zeit: 10.00 Uhr bis 17.30&nbsp;Uhr<br>\nModeration: Angela Turck<\/p>\n<p><u>Referenten<\/u><\/p>\n<ol>\n<li>Stefanie Hennigfeld, Institut Dynamic Eye<\/li>\n<li>Marcel Schneider, Ausbilder und inter\u00adna\u00adtio\u00adna\u00adler Springreiter<\/li>\n<li>Wolfgang Kutting, Grand Prix Richter und inter\u00adna\u00adtio\u00adna\u00adler Dressur Trainer<\/li>\n<\/ol>\n<p style=\"font-weight: 400\">\nDie Veranstaltung ist \u2014 wie der Name sagt \u2014 dreiteilig:<br>\nWissen um Sehf\u00e4higkeit und kogni\u00adti\u00adve Flexibilit\u00e4t gepaart mit dem \u201erich\u00adti\u00adgen\u201c Reiter-Blick und erg\u00e4nzt durch den Blick eines Ausbilders wird die Teilnehmenden in die Relevanz des Gucken-K\u00f6nnens einf\u00fchren.<br>\nDie Veranstaltung beleuch\u00adtet die rei\u00adter\u00adli\u00adche Einwirkung aus dem Blickwinkel der Wissenschaft, der spe\u00adzi\u00adel\u00adlen Erfahrungswelt des Reiters und aus der Sicht des Trainers im Sinne einer Zusammenfassung der zuvor er\u00f6r\u00adter\u00adten Gesichtspunkte.<\/p>\n<div>\n<p><span class=\"s3\">Zun\u00e4chst wird die Referentin Stefanie&nbsp;Hennigfeld&nbsp;von&nbsp;DynamicEye&nbsp;Input geben.&nbsp;DynamicEye&nbsp;ist&nbsp;das&nbsp;Institut f\u00fcr Visual- und Kognitionstraining und arbei\u00adtet u.a. mit dem Olympiast\u00fctzpunkt&nbsp;NRW\/Rheinland zusammen.<br>\nIn die\u00adser ers\u00adten Sequenz geht es dar\u00adum, \u00fcber das Zusammenspiel von Auge und Gehirn als Grundvoraussetzung f\u00fcr Handeln den Ausbildern Wissen zu ver\u00admit\u00adteln. Um sport\u00adli\u00adche Leistung zu stei\u00adgern \u2014 bei Reitsch\u00fclern als auch Trainern \u2014 ist das Wissen um die Sehf\u00e4higkeit und kogni\u00adti\u00adve Flexibilit\u00e4t sehr wertvoll.&nbsp;<\/span><\/p>\n<\/div>\n<div>\n<p><span class=\"s3\">Im Anschluss wird der Ausbilder und auch inter\u00adna\u00adtio\u00adnal erfolg\u00adrei\u00adche Springreiter Marcel Schneider die Wichtigkeit des rich\u00adti\u00adgen Blicks aus der Sicht des Reiters in der Disziplin Springen erl\u00e4utern.&nbsp;<\/span><br>\n<span class=\"s3\">In der drit\u00adten Sequenz ana\u00adly\u00adsiert Wolfgang<\/span><span class=\"apple-converted-space\">&nbsp;<\/span><span class=\"s3\">Kutting, Bereiter (FN),<\/span><span class=\"apple-converted-space\">&nbsp;<\/span><span class=\"s3\">Grand Prix Richter<\/span><span class=\"apple-converted-space\">&nbsp;<\/span><span class=\"s3\">und inter\u00adna\u00adtio\u00adna\u00adler<\/span><span class=\"apple-converted-space\">&nbsp;<\/span><span class=\"s3\">Trainer aus der Sicht des Ausbilders bzw. Turnierrichters anhand einer Power Point Pr\u00e4sentation aus\u00adge\u00adw\u00e4hl\u00adte Bild und Videosequenzen rei\u00adter\u00adli\u00adcher Einwirkungsm\u00f6glichkeiten, bevor es in die prak\u00adti\u00adsche Umsetzung in die Reithalle geht.<\/span><br>\n<span class=\"s3\">Seine Intention ist es, die aus zwei unter\u00adschied\u00adli\u00adchen Blickrichtungen zuvor er\u00f6r\u00adter\u00adten \u201eSichtweisen\u201c im Kontext einer zus\u00e4tz\u00adli\u00adchen Handlungsoption zusam\u00admen\u00adzu\u00adfas\u00adsen und sie im Sinne einer Gesamtschau den Teilnehmenden n\u00e4her zu brin\u00adgen. Dadurch er\u00f6ff\u00adnen sich M\u00f6glichkeiten, wie der indi\u00advi\u00addu\u00adel\u00adle Reitunterricht noch ganz\u00adheit\u00adli\u00adcher und effi\u00adzi\u00aden\u00adter gestal\u00adtet wer\u00adden&nbsp;kann.<\/span><\/p>\n<\/div>\n<div>\n<p>Die Teilnahmegeb\u00fchr betr\u00e4gt 80 Euro, f\u00fcr DRFV-Mitglieder 65 Euro, zahl\u00adbar <u>vor Ort.<br>\n<\/u>F\u00fcr die Teilnahme wer\u00adden 6 LE (Profil1) DOSB-P\u00fcnktchen anerkannt.<\/p>\n<\/div>\n<div>\n<p><span class=\"s4\">Das Anmeldeverfahren ist wie&nbsp;folgt:<\/span><br>\n<span class=\"s4\">Verbindliche Anmeldungen sind sp\u00e4\u00adtes\u00adtens bis zum<\/span><span class=\"apple-converted-space\">&nbsp;<\/span><span class=\"s5\"><b>Samstag,<\/b><\/span><span class=\"apple-converted-space\"> 16. M\u00e4rz 2024 m\u00f6g\u00adlich.<\/span> Hierf\u00fcr<span class=\"s4\"> ist eine E\u2011Mail an Angela <\/span><span class=\"s4\">Turck<\/span><span class=\"apple-converted-space\">&nbsp;<\/span><span class=\"s4\">(<\/span><a href=\"mailto:angela.turck@t-online.de\">angela.turck@t\u2011online.de<\/a><span class=\"s4\">)<\/span><span class=\"apple-converted-space\">&nbsp;<\/span><span class=\"s4\">not\u00adwen\u00addig.<\/span><\/p>\n<\/div>\n<div><span class=\"s4\">Angela Turck<br>\n<\/span><\/div>\n","protected":false},"excerpt":{"rendered":"<p>Liebe ARC-Mitglieder, auf die\u00adse Veranstaltung m\u00f6ch\u00adte ich ger\u00adne hin\u00adwei\u00adsen: Symposium \u201eTrilogie der rei\u00adter\u00adli\u00adchen Blickschulung\u201c Blick der Wissenschaft \u2014 Blick des Reiters \u2014 Blick des Trainers Sonntag, 24. M\u00e4rz&nbsp;2024 Reitsportanlage Flohr&nbsp;GmbH Zum Aubachtal 77 56566 Neuwied Zeit: 10.00 Uhr bis 17.30&nbsp;Uhr Moderation: Angela Turck Referenten Stefanie Hennigfeld, Institut Dynamic Eye Marcel Schneider, Ausbilder und inter\u00adna\u00adtio\u00adna\u00adler Springreiter&nbsp;[\u2026]<\/p>\n","protected":false},"author":2,"featured_media":2247,"comment_status":"closed","ping_status":"closed","sticky":false,"template":"","format":"standard","meta":{"wp_typography_post_enhancements_disabled":false},"categories":[32,31],"tags":[],"_links":{"self":[{"href":"https:\/\/arc-bonn.de\/index.php?rest_route=\/wp\/v2\/posts\/2246"}],"collection":[{"href":"https:\/\/arc-bonn.de\/index.php?rest_route=\/wp\/v2\/posts"}],"about":[{"href":"https:\/\/arc-bonn.de\/index.php?rest_route=\/wp\/v2\/types\/post"}],"author":[{"embeddable":true,"href":"https:\/\/arc-bonn.de\/index.php?rest_route=\/wp\/v2\/users\/2"}],"replies":[{"embeddable":true,"href":"https:\/\/arc-bonn.de\/index.php?rest_route=%2Fwp%2Fv2%2Fcomments&post=2246"}],"version-history":[{"count":1,"href":"https:\/\/arc-bonn.de\/index.php?rest_route=\/wp\/v2\/posts\/2246\/revisions"}],"predecessor-version":[{"id":2248,"href":"https:\/\/arc-bonn.de\/index.php?rest_route=\/wp\/v2\/posts\/2246\/revisions\/2248"}],"wp:featuredmedia":[{"embeddable":true,"href":"https:\/\/arc-bonn.de\/index.php?rest_route=\/wp\/v2\/media\/2247"}],"wp:attachment":[{"href":"https:\/\/arc-bonn.de\/index.php?rest_route=%2Fwp%2Fv2%2Fmedia&parent=2246"}],"wp:term":[{"taxonomy":"category","embeddable":true,"href":"https:\/\/arc-bonn.de\/index.php?rest_route=%2Fwp%2Fv2%2Fcategories&post=2246"},{"taxonomy":"post_tag","embeddable":true,"href":"https:\/\/arc-bonn.de\/index.php?rest_route=%2Fwp%2Fv2%2Ftags&post=2246"}],"curies":[{"name":"wp","href":"https:\/\/api.w.org\/{rel}","templated":true}]}}