{"id":2220,"date":"2023-12-10T20:00:26","date_gmt":"2023-12-10T20:00:26","guid":{"rendered":"https:\/\/arc-bonn.de\/?p=2220"},"modified":"2023-12-10T20:15:26","modified_gmt":"2023-12-10T20:15:26","slug":"rueckschau-auf-unseren-dressurlehrgang-mit-nicole-uphoff-selke","status":"publish","type":"post","link":"https:\/\/arc-bonn.de\/?p=2220","title":{"rendered":"R\u00fcckschau: unser Lehrgang mit Dressur-Olympiasiegerin Nicole Uphoff-Selke"},"content":{"rendered":"<p>Ein unver\u00adgess\u00adli\u00adches Erlebnis f\u00fcr unse\u00adre Lehrgangsteilnehmer: <strong>Training unter fach\u00adkun\u00addi\u00adger Anleitung einer Olympia-Siegerin!<\/strong><\/p>\n<p>Kein Wunder, dass sich unse\u00adre Mitglieder ger\u00adne an das Lehrgangswochenende mit Nicole Uphoff-Selke zur\u00fcck\u00ader\u00adin\u00adnern. F\u00fcr all jene, die nicht per\u00ads\u00f6n\u00adlich teil\u00adneh\u00admen konn\u00adten, tei\u00adlen nun unse\u00adre Mitglieder in ihren eige\u00adnen Worten, wel\u00adche inspi\u00adrie\u00adren\u00adde Eindr\u00fccke sie von die\u00adsem beson\u00adde\u00adren Lehrgang mitnehmen.<\/p>\n<figure id=\"attachment_2223\" aria-describedby=\"caption-attachment-2223\" style=\"width: 300px\" class=\"wp-caption alignnone\"><img loading=\"lazy\" class=\"wp-image-2223 size-medium\" src=\"https:\/\/arc-bonn.de\/wp-content\/uploads\/2023\/12\/D50_2386-300x200.jpeg\" alt width=\"300\" height=\"200\" srcset=\"https:\/\/arc-bonn.de\/wp-content\/uploads\/2023\/12\/D50_2386-300x200.jpeg 300w, https:\/\/arc-bonn.de\/wp-content\/uploads\/2023\/12\/D50_2386-150x100.jpeg 150w, https:\/\/arc-bonn.de\/wp-content\/uploads\/2023\/12\/D50_2386.jpeg 320w\" sizes=\"(max-width: 300px) 100vw, 300px\"><figcaption id=\"caption-attachment-2223\" class=\"wp-caption-text\">Unsere Vorsitzende, Angela Turck, bedankt sich bei Nicole Uphoff-Selke f\u00fcr das Lehrgangswochenende \u00a9pri\u00advat<\/figcaption><\/figure>\n<p>********************************************************************************************************<\/p>\n<p>\u201cLiebe Frau Turck, lie\u00adbe Frau&nbsp;Wehr,<\/p>\n<p>ich m\u00f6ch\u00adte mich bei Ihnen ganz herz\u00adlich f\u00fcr das ver\u00adgan\u00adge\u00adne Wochenende bedan\u00adken. \u00dcberhaupt f\u00fcr die Organisation und die\u00adse ein\u00adma\u00adli\u00adge M\u00f6glichkeit, bei Nicole Uphoff-Selke rei\u00adten zu d\u00fcrfen.<br>\nTats\u00e4chlich habe ich nicht damit gerech\u00adnet, dass ich einen Platz bekom\u00admen wer\u00adde. Umso mehr habe ich mich \u00fcber Ihre Zusage gefreut. Dieses Wochenende wer\u00adde ich nicht so schnell wie\u00adder vergessen.<br>\nWas ist mit\u00adneh\u00adme: Nicht nur das Annehmen, wel\u00adches mei\u00adne Stute mir anbie\u00adtet, son\u00addern mehr for\u00addern, denn es soll span\u00adnend aus\u00adse\u00adhen. Die \u00dcberg\u00e4nge noch pr\u00e4\u00adzi\u00adser und akti\u00adver rei\u00adten. Das Pferd noch kom\u00adpak\u00adter machen, dann klappt es auch mit dem Mitteltrab. Schlie\u00dflich sag\u00adte sie: \u201cVon nichts kommt nichts.\u201d<br>\nGenerell ihre Tipps, z.B. mehr den Oberschenkel und das Knie dran haben, um das Pferd noch gera\u00adder zu machen. Unser gr\u00f6\u00df\u00adtes Problem ist n\u00e4m\u00adlich die rech\u00adte Hand, denn da ver\u00adwirft sich ger\u00adne mei\u00adne&nbsp;Stute.<\/p>\n<p>Am Ende der ers\u00adten Einheit hat mich das Kompliment von Nicole zu Tr\u00e4nen ger\u00fchrt.<br>\nSie sag\u00adte, das war ganz gro\u00ad\u00dfes Kino. Es ist super schwer, wenn Reiter und Pferd an einem Z\u00fcgel \u201ch\u00e4n\u00adgen\u201d und das in einer Einheit nur \u00fcber Zirkel und gan\u00adze Bahn zu l\u00f6sen, dass das Pferd an bei\u00adde Z\u00fcgel gleich\u00adm\u00e4\u00ad\u00dfig ran\u00adzieht, bedeu\u00adtet viel Feingef\u00fchl.<\/p>\n<p>Ich w\u00fcn\u00adsche Ihnen einen sch\u00f6\u00adnen 1. Advent.<br>\nViele&nbsp;Gr\u00fc\u00dfe<br>\n<em>C\u00e9line mit Feli<\/em>\u201d<\/p>\n<figure id=\"attachment_2221\" aria-describedby=\"caption-attachment-2221\" style=\"width: 225px\" class=\"wp-caption alignnone\"><img loading=\"lazy\" class=\"wp-image-2221 size-medium\" src=\"https:\/\/arc-bonn.de\/wp-content\/uploads\/2023\/12\/1000022050-225x300.jpeg\" alt width=\"225\" height=\"300\" srcset=\"https:\/\/arc-bonn.de\/wp-content\/uploads\/2023\/12\/1000022050-225x300.jpeg 225w, https:\/\/arc-bonn.de\/wp-content\/uploads\/2023\/12\/1000022050-113x150.jpeg 113w, https:\/\/arc-bonn.de\/wp-content\/uploads\/2023\/12\/1000022050.jpeg 240w\" sizes=\"(max-width: 225px) 100vw, 225px\"><figcaption id=\"caption-attachment-2221\" class=\"wp-caption-text\">\u00a9pri\u00advat<\/figcaption><\/figure>\n<p>********************************************************************************************************<\/p>\n<p>\u201cDer Dressurlehrgang bei Nicole Uphoff-Selke war ein abso\u00adlu\u00adtes Highlight. &nbsp;Es war top orga\u00adni\u00adsiert vom ARC Bonn und hat auf einer wirk\u00adli\u00adchen sch\u00f6\u00adnen Anlage mit tol\u00adler, ent\u00adspann\u00adter &nbsp;Atmosph\u00e4re stattgefunden&nbsp;.<\/p>\n<div class>Ich habe mit mei\u00adner 4 j\u00e4h\u00adri\u00adgen Stute teil\u00adge\u00adnom\u00admen und konn\u00adte sehr vie\u00adle wert\u00advol\u00adle Tipps f\u00fcr ihre wei\u00adte\u00adre Ausbildung mitnehmen.<\/div>\n<div class>Es hat gro\u00ad\u00dfen Spa\u00df gemacht und war sehr effektiv.\u201d<\/div>\n<div><em>Ronja Papendick<\/em><\/div>\n<div>\n<figure id=\"attachment_2224\" aria-describedby=\"caption-attachment-2224\" style=\"width: 203px\" class=\"wp-caption alignnone\"><img loading=\"lazy\" class=\"wp-image-2224 size-medium\" src=\"https:\/\/arc-bonn.de\/wp-content\/uploads\/2023\/12\/F47287FA-FC75-4DE7-AFDB-E692A9D4ACC2-203x300.jpeg\" alt width=\"203\" height=\"300\" srcset=\"https:\/\/arc-bonn.de\/wp-content\/uploads\/2023\/12\/F47287FA-FC75-4DE7-AFDB-E692A9D4ACC2-203x300.jpeg 203w, https:\/\/arc-bonn.de\/wp-content\/uploads\/2023\/12\/F47287FA-FC75-4DE7-AFDB-E692A9D4ACC2-102x150.jpeg 102w, https:\/\/arc-bonn.de\/wp-content\/uploads\/2023\/12\/F47287FA-FC75-4DE7-AFDB-E692A9D4ACC2.jpeg 217w\" sizes=\"(max-width: 203px) 100vw, 203px\"><figcaption id=\"caption-attachment-2224\" class=\"wp-caption-text\">\u00a9pri\u00advat<\/figcaption><\/figure>\n<\/div>\n<div>********************************************************************************************************<\/div>\n<div><\/div>\n<div>\u201cHallo Angela,<br class>hier kommt mein Feedback und ein Foto \ud83d\ude09<br class>Vielen Dank an den ARC Bonn f\u00fcr ein lehr\u00adrei\u00adches Wochenende. Mir hat es sehr viel Spa\u00df gemacht und ich freue mich schon auf eine Wiederholung.\u201d<\/div>\n<div><em>Sandra Merten<\/em><\/div>\n<div>\n<figure id=\"attachment_2222\" aria-describedby=\"caption-attachment-2222\" style=\"width: 225px\" class=\"wp-caption alignnone\"><img loading=\"lazy\" class=\"wp-image-2222 size-medium\" src=\"https:\/\/arc-bonn.de\/wp-content\/uploads\/2023\/12\/1000025230-225x300.jpeg\" alt width=\"225\" height=\"300\" srcset=\"https:\/\/arc-bonn.de\/wp-content\/uploads\/2023\/12\/1000025230-225x300.jpeg 225w, https:\/\/arc-bonn.de\/wp-content\/uploads\/2023\/12\/1000025230-113x150.jpeg 113w, https:\/\/arc-bonn.de\/wp-content\/uploads\/2023\/12\/1000025230.jpeg 240w\" sizes=\"(max-width: 225px) 100vw, 225px\"><figcaption id=\"caption-attachment-2222\" class=\"wp-caption-text\">\u00a9pri\u00advat<\/figcaption><\/figure>\n<\/div>\n<div><\/div>\n<div>********************************************************************************************************<\/div>\n<div><\/div>\n<div>\n<p>\u201cLieber ARC,<\/p>\n<div class>schwer begeis\u00adtert bin ich am Sonntag von eurem Lehrgang mit Nicole Uphoff heim\u00adge\u00adkehrt! Sie hat mich nicht nur rei\u00adter\u00adlich total abge\u00adholt und super ange\u00adlei\u00adtet, mein Training zu opti\u00admie\u00adren, son\u00addern auch mensch\u00adlich voll \u00fcber\u00adzeugt. Vielen Dank f\u00fcr die\u00adse tol\u00adle Gelegenheit!<\/div>\n<div class>Ganz lie\u00adbe&nbsp;Gr\u00fc\u00dfe&nbsp;\u201d<\/div>\n<div class><em>Sarah Gabriel<\/em><\/div>\n<div>\n<figure id=\"attachment_2226\" aria-describedby=\"caption-attachment-2226\" style=\"width: 225px\" class=\"wp-caption alignnone\"><img loading=\"lazy\" class=\"wp-image-2226 size-medium\" src=\"https:\/\/arc-bonn.de\/wp-content\/uploads\/2023\/12\/Threema_2023-11-26_16-17-40-225x300.jpeg\" alt width=\"225\" height=\"300\" srcset=\"https:\/\/arc-bonn.de\/wp-content\/uploads\/2023\/12\/Threema_2023-11-26_16-17-40-225x300.jpeg 225w, https:\/\/arc-bonn.de\/wp-content\/uploads\/2023\/12\/Threema_2023-11-26_16-17-40-113x150.jpeg 113w, https:\/\/arc-bonn.de\/wp-content\/uploads\/2023\/12\/Threema_2023-11-26_16-17-40.jpeg 240w\" sizes=\"(max-width: 225px) 100vw, 225px\"><figcaption id=\"caption-attachment-2226\" class=\"wp-caption-text\">\u00a9pri\u00advat<\/figcaption><\/figure>\n<\/div>\n<\/div>\n<div>********************************************************************************************************<\/div>\n<div><\/div>\n<div>\u201cHallo Angela,<\/div>\n<div>\n<p>erst\u00admal vie\u00adlen lie\u00adben Dank f\u00fcr die\u00adsen tol\u00adlen Lehrgang:-))<\/p>\n<div class dir=\"ltr\">Ich konn\u00adte mit mei\u00adnem Berittpferd vie\u00adle wert\u00advol\u00adle Tipps mit\u00adneh\u00admen. Ich habe die\u00adse sofort am n\u00e4chs\u00adten Tag in mei\u00adne t\u00e4g\u00adli\u00adche Arbeit mit Fida eingebracht.<\/div>\n<div class dir=\"ltr\">Ich kann aller\u00addings auch eini\u00adges f\u00fcr wei\u00adte\u00adre Pferde gut umsetzten.<\/div>\n<div class dir=\"ltr\">Meine Reitsch\u00fcler pro\u00adfi\u00adtie\u00adren auch durch den neu\u00aden Input, den ich durch den tol\u00adlen Unterricht mit\u00adneh\u00admen konnte.<\/div>\n<div class dir=\"ltr\">Liebe Gr\u00fc\u00dfe<\/div>\n<div class dir=\"ltr\"><em>Daniela Stark-Mettelsiefen<\/em><\/div>\n<div dir=\"ltr\">\n<figure id=\"attachment_2225\" aria-describedby=\"caption-attachment-2225\" style=\"width: 240px\" class=\"wp-caption alignnone\"><img loading=\"lazy\" class=\"wp-image-2225 size-full\" src=\"https:\/\/arc-bonn.de\/wp-content\/uploads\/2023\/12\/IMG_4196.jpeg\" alt width=\"240\" height=\"284\" srcset=\"https:\/\/arc-bonn.de\/wp-content\/uploads\/2023\/12\/IMG_4196.jpeg 240w, https:\/\/arc-bonn.de\/wp-content\/uploads\/2023\/12\/IMG_4196-127x150.jpeg 127w\" sizes=\"(max-width: 240px) 100vw, 240px\"><figcaption id=\"caption-attachment-2225\" class=\"wp-caption-text\">\u00a9pri\u00advat<\/figcaption><\/figure>\n<\/div>\n<div dir=\"ltr\"><\/div>\n<\/div>\n<div>********************************************************************************************************<\/div>\n","protected":false},"excerpt":{"rendered":"<p>Ein unver\u00adgess\u00adli\u00adches Erlebnis f\u00fcr unse\u00adre Lehrgangsteilnehmer: Training unter fach\u00adkun\u00addi\u00adger Anleitung einer Olympia-Siegerin! Kein Wunder, dass sich unse\u00adre Mitglieder ger\u00adne an das Lehrgangswochenende mit Nicole Uphoff-Selke zur\u00fcck\u00ader\u00adin\u00adnern. F\u00fcr all jene, die nicht per\u00ads\u00f6n\u00adlich teil\u00adneh\u00admen konn\u00adten, tei\u00adlen nun unse\u00adre Mitglieder in ihren eige\u00adnen Worten, wel\u00adche inspi\u00adrie\u00adren\u00adde Eindr\u00fccke sie von die\u00adsem beson\u00adde\u00adren Lehrgang mit\u00adneh\u00admen. ******************************************************************************************************** \u201cLiebe Frau&nbsp;Turck,&nbsp;[\u2026]<\/p>\n","protected":false},"author":2,"featured_media":2223,"comment_status":"closed","ping_status":"closed","sticky":false,"template":"","format":"gallery","meta":{"wp_typography_post_enhancements_disabled":false},"categories":[31],"tags":[],"_links":{"self":[{"href":"https:\/\/arc-bonn.de\/index.php?rest_route=\/wp\/v2\/posts\/2220"}],"collection":[{"href":"https:\/\/arc-bonn.de\/index.php?rest_route=\/wp\/v2\/posts"}],"about":[{"href":"https:\/\/arc-bonn.de\/index.php?rest_route=\/wp\/v2\/types\/post"}],"author":[{"embeddable":true,"href":"https:\/\/arc-bonn.de\/index.php?rest_route=\/wp\/v2\/users\/2"}],"replies":[{"embeddable":true,"href":"https:\/\/arc-bonn.de\/index.php?rest_route=%2Fwp%2Fv2%2Fcomments&post=2220"}],"version-history":[{"count":16,"href":"https:\/\/arc-bonn.de\/index.php?rest_route=\/wp\/v2\/posts\/2220\/revisions"}],"predecessor-version":[{"id":2243,"href":"https:\/\/arc-bonn.de\/index.php?rest_route=\/wp\/v2\/posts\/2220\/revisions\/2243"}],"wp:featuredmedia":[{"embeddable":true,"href":"https:\/\/arc-bonn.de\/index.php?rest_route=\/wp\/v2\/media\/2223"}],"wp:attachment":[{"href":"https:\/\/arc-bonn.de\/index.php?rest_route=%2Fwp%2Fv2%2Fmedia&parent=2220"}],"wp:term":[{"taxonomy":"category","embeddable":true,"href":"https:\/\/arc-bonn.de\/index.php?rest_route=%2Fwp%2Fv2%2Fcategories&post=2220"},{"taxonomy":"post_tag","embeddable":true,"href":"https:\/\/arc-bonn.de\/index.php?rest_route=%2Fwp%2Fv2%2Ftags&post=2220"}],"curies":[{"name":"wp","href":"https:\/\/api.w.org\/{rel}","templated":true}]}}